{"id":11615,"date":"2023-11-30T14:05:14","date_gmt":"2023-11-30T13:05:14","guid":{"rendered":"https:\/\/www.daslabor.com\/?p=11615"},"modified":"2023-11-30T15:20:34","modified_gmt":"2023-11-30T14:20:34","slug":"gala-de-foot","status":"publish","type":"post","link":"https:\/\/www.daslabor.com\/en\/gala-de-foot\/","title":{"rendered":"Gala de Foot au Togo"},"content":{"rendered":"<p>En novembre 2023, Das Labor. TOGO a organis\u00e9 une journ\u00e9e football avec ses voisins. Un journ\u00e9e sportive qui a r\u00e9uni tout le quartier. D\u00e9courvrez les beaux moments de cette journ\u00e9e!<\/p>\n<p><iframe loading=\"lazy\" title=\"video gala foot\" src=\"https:\/\/player.vimeo.com\/video\/889887460?badge=0&amp;autopause=0&amp;quality_selector=1&amp;player_id=0&amp;app_id=58479\" width=\"184\" height=\"328\" frameborder=\"0\"><span data-mce-type=\"bookmark\" style=\"display: inline-block; width: 0px; overflow: hidden; line-height: 0;\" class=\"mce_SELRES_start\">\ufeff<\/span><\/iframe><\/p>\n","protected":false},"excerpt":{"rendered":"<p>En novembre 2023, Das Labor. TOGO a organis\u00e9 une journ\u00e9e football avec ses voisins. Un journ\u00e9e sportive qui a r\u00e9uni tout le quartier. D\u00e9courvrez les beaux moments de cette journ\u00e9e! \ufeff<\/p>\n","protected":false},"author":1,"featured_media":11622,"comment_status":"closed","ping_status":"closed","sticky":false,"template":"","format":"standard","meta":{"_acf_changed":false,"_et_pb_use_builder":"","_et_pb_old_content":"","_et_gb_content_width":"","footnotes":""},"categories":[29],"tags":[],"class_list":["post-11615","post","type-post","status-publish","format-standard","has-post-thumbnail","hentry","category-francais"],"acf":[],"yoast_head":"<!-- This site is optimized with the Yoast SEO plugin v27.4 - https:\/\/yoast.com\/product\/yoast-seo-wordpress\/ -->\n<title>Gala de Foot au Togo - Das Labor<\/title>\n<meta name=\"robots\" content=\"index, follow, max-snippet:-1, max-image-preview:large, max-video-preview:-1\" \/>\n<link rel=\"canonical\" href=\"https:\/\/www.daslabor.com\/en\/gala-de-foot\/\" \/>\n<meta property=\"og:locale\" content=\"en_US\" \/>\n<meta property=\"og:type\" content=\"article\" \/>\n<meta property=\"og:title\" content=\"Gala de Foot au Togo - Das Labor\" \/>\n<meta property=\"og:description\" content=\"En novembre 2023, Das Labor. TOGO a organis\u00e9 une journ\u00e9e football avec ses voisins. Un journ\u00e9e sportive qui a r\u00e9uni tout le quartier. D\u00e9courvrez les beaux moments de cette journ\u00e9e! \ufeff\" \/>\n<meta property=\"og:url\" content=\"https:\/\/www.daslabor.com\/en\/gala-de-foot\/\" \/>\n<meta property=\"og:site_name\" content=\"Das Labor\" \/>\n<meta property=\"article:published_time\" content=\"2023-11-30T13:05:14+00:00\" \/>\n<meta property=\"article:modified_time\" content=\"2023-11-30T14:20:34+00:00\" \/>\n<meta property=\"og:image\" content=\"https:\/\/www.daslabor.com\/wp-content\/uploads\/2023\/11\/PXL_20231118_173258484.NIGHT_.webp\" \/>\n\t<meta property=\"og:image:width\" content=\"960\" \/>\n\t<meta property=\"og:image:height\" content=\"720\" \/>\n\t<meta property=\"og:image:type\" content=\"image\/webp\" \/>\n<meta name=\"author\" content=\"Das Labor\" \/>\n<meta name=\"twitter:card\" content=\"summary_large_image\" \/>\n<meta name=\"twitter:label1\" content=\"Written by\" \/>\n\t<meta name=\"twitter:data1\" content=\"Das Labor\" \/>\n\t<meta name=\"twitter:label2\" content=\"Est. reading time\" \/>\n\t<meta name=\"twitter:data2\" content=\"1 minute\" \/>\n<script type=\"application\/ld+json\" class=\"yoast-schema-graph\">{\"@context\":\"https:\\\/\\\/schema.org\",\"@graph\":[{\"@type\":\"Article\",\"@id\":\"https:\\\/\\\/www.daslabor.com\\\/en\\\/gala-de-foot\\\/#article\",\"isPartOf\":{\"@id\":\"https:\\\/\\\/www.daslabor.com\\\/en\\\/gala-de-foot\\\/\"},\"author\":{\"name\":\"Das Labor\",\"@id\":\"https:\\\/\\\/www.daslabor.com\\\/en\\\/#\\\/schema\\\/person\\\/66884fc73e8e63dc351e575b026466c1\"},\"headline\":\"Gala de Foot au Togo\",\"datePublished\":\"2023-11-30T13:05:14+00:00\",\"dateModified\":\"2023-11-30T14:20:34+00:00\",\"mainEntityOfPage\":{\"@id\":\"https:\\\/\\\/www.daslabor.com\\\/en\\\/gala-de-foot\\\/\"},\"wordCount\":39,\"image\":{\"@id\":\"https:\\\/\\\/www.daslabor.com\\\/en\\\/gala-de-foot\\\/#primaryimage\"},\"thumbnailUrl\":\"https:\\\/\\\/www.daslabor.com\\\/wp-content\\\/uploads\\\/2023\\\/11\\\/PXL_20231118_173258484.NIGHT_.webp\",\"articleSection\":[\"fran\u00e7ais\"],\"inLanguage\":\"en-US\"},{\"@type\":\"WebPage\",\"@id\":\"https:\\\/\\\/www.daslabor.com\\\/en\\\/gala-de-foot\\\/\",\"url\":\"https:\\\/\\\/www.daslabor.com\\\/en\\\/gala-de-foot\\\/\",\"name\":\"Gala de Foot au Togo - Das Labor\",\"isPartOf\":{\"@id\":\"https:\\\/\\\/www.daslabor.com\\\/en\\\/#website\"},\"primaryImageOfPage\":{\"@id\":\"https:\\\/\\\/www.daslabor.com\\\/en\\\/gala-de-foot\\\/#primaryimage\"},\"image\":{\"@id\":\"https:\\\/\\\/www.daslabor.com\\\/en\\\/gala-de-foot\\\/#primaryimage\"},\"thumbnailUrl\":\"https:\\\/\\\/www.daslabor.com\\\/wp-content\\\/uploads\\\/2023\\\/11\\\/PXL_20231118_173258484.NIGHT_.webp\",\"datePublished\":\"2023-11-30T13:05:14+00:00\",\"dateModified\":\"2023-11-30T14:20:34+00:00\",\"author\":{\"@id\":\"https:\\\/\\\/www.daslabor.com\\\/en\\\/#\\\/schema\\\/person\\\/66884fc73e8e63dc351e575b026466c1\"},\"breadcrumb\":{\"@id\":\"https:\\\/\\\/www.daslabor.com\\\/en\\\/gala-de-foot\\\/#breadcrumb\"},\"inLanguage\":\"en-US\",\"potentialAction\":[{\"@type\":\"ReadAction\",\"target\":[\"https:\\\/\\\/www.daslabor.com\\\/en\\\/gala-de-foot\\\/\"]}]},{\"@type\":\"ImageObject\",\"inLanguage\":\"en-US\",\"@id\":\"https:\\\/\\\/www.daslabor.com\\\/en\\\/gala-de-foot\\\/#primaryimage\",\"url\":\"https:\\\/\\\/www.daslabor.com\\\/wp-content\\\/uploads\\\/2023\\\/11\\\/PXL_20231118_173258484.NIGHT_.webp\",\"contentUrl\":\"https:\\\/\\\/www.daslabor.com\\\/wp-content\\\/uploads\\\/2023\\\/11\\\/PXL_20231118_173258484.NIGHT_.webp\",\"width\":960,\"height\":720},{\"@type\":\"BreadcrumbList\",\"@id\":\"https:\\\/\\\/www.daslabor.com\\\/en\\\/gala-de-foot\\\/#breadcrumb\",\"itemListElement\":[{\"@type\":\"ListItem\",\"position\":1,\"name\":\"Startseite\",\"item\":\"https:\\\/\\\/www.daslabor.com\\\/en\\\/\"},{\"@type\":\"ListItem\",\"position\":2,\"name\":\"Gala de Foot au Togo\"}]},{\"@type\":\"WebSite\",\"@id\":\"https:\\\/\\\/www.daslabor.com\\\/en\\\/#website\",\"url\":\"https:\\\/\\\/www.daslabor.com\\\/en\\\/\",\"name\":\"Das Labor\",\"description\":\"\",\"potentialAction\":[{\"@type\":\"SearchAction\",\"target\":{\"@type\":\"EntryPoint\",\"urlTemplate\":\"https:\\\/\\\/www.daslabor.com\\\/en\\\/?s={search_term_string}\"},\"query-input\":{\"@type\":\"PropertyValueSpecification\",\"valueRequired\":true,\"valueName\":\"search_term_string\"}}],\"inLanguage\":\"en-US\"},{\"@type\":\"Person\",\"@id\":\"https:\\\/\\\/www.daslabor.com\\\/en\\\/#\\\/schema\\\/person\\\/66884fc73e8e63dc351e575b026466c1\",\"name\":\"Das Labor\",\"image\":{\"@type\":\"ImageObject\",\"inLanguage\":\"en-US\",\"@id\":\"https:\\\/\\\/secure.gravatar.com\\\/avatar\\\/413fe1a8ceb7564ceac009e89c2df23f5e118b2f3e040a1d1917e8d4747b8363?s=96&d=mm&r=g\",\"url\":\"https:\\\/\\\/secure.gravatar.com\\\/avatar\\\/413fe1a8ceb7564ceac009e89c2df23f5e118b2f3e040a1d1917e8d4747b8363?s=96&d=mm&r=g\",\"contentUrl\":\"https:\\\/\\\/secure.gravatar.com\\\/avatar\\\/413fe1a8ceb7564ceac009e89c2df23f5e118b2f3e040a1d1917e8d4747b8363?s=96&d=mm&r=g\",\"caption\":\"Das Labor\"},\"sameAs\":[\"http:\\\/\\\/daslabor.artivista.de\"],\"url\":\"https:\\\/\\\/www.daslabor.com\\\/en\\\/author\\\/das_ad_dl\\\/\"}]}<\/script>\n<!-- \/ Yoast SEO plugin. -->","yoast_head_json":{"title":"Gala de Foot au Togo - Das Labor","robots":{"index":"index","follow":"follow","max-snippet":"max-snippet:-1","max-image-preview":"max-image-preview:large","max-video-preview":"max-video-preview:-1"},"canonical":"https:\/\/www.daslabor.com\/en\/gala-de-foot\/","og_locale":"en_US","og_type":"article","og_title":"Gala de Foot au Togo - Das Labor","og_description":"En novembre 2023, Das Labor. TOGO a organis\u00e9 une journ\u00e9e football avec ses voisins. Un journ\u00e9e sportive qui a r\u00e9uni tout le quartier. D\u00e9courvrez les beaux moments de cette journ\u00e9e! \ufeff","og_url":"https:\/\/www.daslabor.com\/en\/gala-de-foot\/","og_site_name":"Das Labor","article_published_time":"2023-11-30T13:05:14+00:00","article_modified_time":"2023-11-30T14:20:34+00:00","og_image":[{"width":960,"height":720,"url":"https:\/\/www.daslabor.com\/wp-content\/uploads\/2023\/11\/PXL_20231118_173258484.NIGHT_.webp","type":"image\/webp"}],"author":"Das Labor","twitter_card":"summary_large_image","twitter_misc":{"Written by":"Das Labor","Est. reading time":"1 minute"},"schema":{"@context":"https:\/\/schema.org","@graph":[{"@type":"Article","@id":"https:\/\/www.daslabor.com\/en\/gala-de-foot\/#article","isPartOf":{"@id":"https:\/\/www.daslabor.com\/en\/gala-de-foot\/"},"author":{"name":"Das Labor","@id":"https:\/\/www.daslabor.com\/en\/#\/schema\/person\/66884fc73e8e63dc351e575b026466c1"},"headline":"Gala de Foot au Togo","datePublished":"2023-11-30T13:05:14+00:00","dateModified":"2023-11-30T14:20:34+00:00","mainEntityOfPage":{"@id":"https:\/\/www.daslabor.com\/en\/gala-de-foot\/"},"wordCount":39,"image":{"@id":"https:\/\/www.daslabor.com\/en\/gala-de-foot\/#primaryimage"},"thumbnailUrl":"https:\/\/www.daslabor.com\/wp-content\/uploads\/2023\/11\/PXL_20231118_173258484.NIGHT_.webp","articleSection":["fran\u00e7ais"],"inLanguage":"en-US"},{"@type":"WebPage","@id":"https:\/\/www.daslabor.com\/en\/gala-de-foot\/","url":"https:\/\/www.daslabor.com\/en\/gala-de-foot\/","name":"Gala de Foot au Togo - Das Labor","isPartOf":{"@id":"https:\/\/www.daslabor.com\/en\/#website"},"primaryImageOfPage":{"@id":"https:\/\/www.daslabor.com\/en\/gala-de-foot\/#primaryimage"},"image":{"@id":"https:\/\/www.daslabor.com\/en\/gala-de-foot\/#primaryimage"},"thumbnailUrl":"https:\/\/www.daslabor.com\/wp-content\/uploads\/2023\/11\/PXL_20231118_173258484.NIGHT_.webp","datePublished":"2023-11-30T13:05:14+00:00","dateModified":"2023-11-30T14:20:34+00:00","author":{"@id":"https:\/\/www.daslabor.com\/en\/#\/schema\/person\/66884fc73e8e63dc351e575b026466c1"},"breadcrumb":{"@id":"https:\/\/www.daslabor.com\/en\/gala-de-foot\/#breadcrumb"},"inLanguage":"en-US","potentialAction":[{"@type":"ReadAction","target":["https:\/\/www.daslabor.com\/en\/gala-de-foot\/"]}]},{"@type":"ImageObject","inLanguage":"en-US","@id":"https:\/\/www.daslabor.com\/en\/gala-de-foot\/#primaryimage","url":"https:\/\/www.daslabor.com\/wp-content\/uploads\/2023\/11\/PXL_20231118_173258484.NIGHT_.webp","contentUrl":"https:\/\/www.daslabor.com\/wp-content\/uploads\/2023\/11\/PXL_20231118_173258484.NIGHT_.webp","width":960,"height":720},{"@type":"BreadcrumbList","@id":"https:\/\/www.daslabor.com\/en\/gala-de-foot\/#breadcrumb","itemListElement":[{"@type":"ListItem","position":1,"name":"Startseite","item":"https:\/\/www.daslabor.com\/en\/"},{"@type":"ListItem","position":2,"name":"Gala de Foot au Togo"}]},{"@type":"WebSite","@id":"https:\/\/www.daslabor.com\/en\/#website","url":"https:\/\/www.daslabor.com\/en\/","name":"Das Labor","description":"","potentialAction":[{"@type":"SearchAction","target":{"@type":"EntryPoint","urlTemplate":"https:\/\/www.daslabor.com\/en\/?s={search_term_string}"},"query-input":{"@type":"PropertyValueSpecification","valueRequired":true,"valueName":"search_term_string"}}],"inLanguage":"en-US"},{"@type":"Person","@id":"https:\/\/www.daslabor.com\/en\/#\/schema\/person\/66884fc73e8e63dc351e575b026466c1","name":"Das Labor","image":{"@type":"ImageObject","inLanguage":"en-US","@id":"https:\/\/secure.gravatar.com\/avatar\/413fe1a8ceb7564ceac009e89c2df23f5e118b2f3e040a1d1917e8d4747b8363?s=96&d=mm&r=g","url":"https:\/\/secure.gravatar.com\/avatar\/413fe1a8ceb7564ceac009e89c2df23f5e118b2f3e040a1d1917e8d4747b8363?s=96&d=mm&r=g","contentUrl":"https:\/\/secure.gravatar.com\/avatar\/413fe1a8ceb7564ceac009e89c2df23f5e118b2f3e040a1d1917e8d4747b8363?s=96&d=mm&r=g","caption":"Das Labor"},"sameAs":["http:\/\/daslabor.artivista.de"],"url":"https:\/\/www.daslabor.com\/en\/author\/das_ad_dl\/"}]}},"_links":{"self":[{"href":"https:\/\/www.daslabor.com\/en\/wp-json\/wp\/v2\/posts\/11615","targetHints":{"allow":["GET"]}}],"collection":[{"href":"https:\/\/www.daslabor.com\/en\/wp-json\/wp\/v2\/posts"}],"about":[{"href":"https:\/\/www.daslabor.com\/en\/wp-json\/wp\/v2\/types\/post"}],"author":[{"embeddable":true,"href":"https:\/\/www.daslabor.com\/en\/wp-json\/wp\/v2\/users\/1"}],"replies":[{"embeddable":true,"href":"https:\/\/www.daslabor.com\/en\/wp-json\/wp\/v2\/comments?post=11615"}],"version-history":[{"count":9,"href":"https:\/\/www.daslabor.com\/en\/wp-json\/wp\/v2\/posts\/11615\/revisions"}],"predecessor-version":[{"id":11635,"href":"https:\/\/www.daslabor.com\/en\/wp-json\/wp\/v2\/posts\/11615\/revisions\/11635"}],"wp:featuredmedia":[{"embeddable":true,"href":"https:\/\/www.daslabor.com\/en\/wp-json\/wp\/v2\/media\/11622"}],"wp:attachment":[{"href":"https:\/\/www.daslabor.com\/en\/wp-json\/wp\/v2\/media?parent=11615"}],"wp:term":[{"taxonomy":"category","embeddable":true,"href":"https:\/\/www.daslabor.com\/en\/wp-json\/wp\/v2\/categories?post=11615"},{"taxonomy":"post_tag","embeddable":true,"href":"https:\/\/www.daslabor.com\/en\/wp-json\/wp\/v2\/tags?post=11615"}],"curies":[{"name":"wp","href":"https:\/\/api.w.org\/{rel}","templated":true}]}}