{"id":11628,"date":"2023-11-23T15:06:32","date_gmt":"2023-11-23T14:06:32","guid":{"rendered":"https:\/\/www.daslabor.com\/?p=11628"},"modified":"2023-12-06T12:57:59","modified_gmt":"2023-12-06T11:57:59","slug":"ein-potsdamer-investiert-in-labore-in-westafrika","status":"publish","type":"post","link":"https:\/\/www.daslabor.com\/en\/ein-potsdamer-investiert-in-labore-in-westafrika\/","title":{"rendered":"Ein Potsdamer investiert in Labore in Westafrika"},"content":{"rendered":"<p>Gesch\u00e4ftsf\u00fchrer Tom Halgasch im Interview mit der PNN (Potsdamer Neueste Nachrichten). Er berichtet \u00fcber die Investitionen der Das Labor. GmbH und seine Erfahrungen als Gr\u00fcnder in verschiedenen L\u00e4ndern Westafrikas.<\/p>\n<p><a href=\"https:\/\/www.daslabor.com\/wp-content\/uploads\/2023\/11\/PNN-Ein-Potsdamer-investiert-in-Labore.pdf\" target=\"_blank\" rel=\"noopener\">Link: download PDF<\/a><\/p>\n<p>&nbsp;<\/p>\n","protected":false},"excerpt":{"rendered":"<p>Gesch\u00e4ftsf\u00fchrer Tom Halgasch im Interview mit der PNN (Potsdamer Neueste Nachrichten). Er berichtet \u00fcber die Investitionen der Das Labor. GmbH und seine Erfahrungen als Gr\u00fcnder in verschiedenen L\u00e4ndern Westafrikas. Link: download PDF &nbsp;<\/p>\n","protected":false},"author":2,"featured_media":11636,"comment_status":"closed","ping_status":"closed","sticky":false,"template":"","format":"standard","meta":{"_acf_changed":false,"_et_pb_use_builder":"","_et_pb_old_content":"","_et_gb_content_width":"","footnotes":""},"categories":[30],"tags":[],"class_list":["post-11628","post","type-post","status-publish","format-standard","has-post-thumbnail","hentry","category-deutsch"],"acf":[],"yoast_head":"<!-- This site is optimized with the Yoast SEO plugin v27.4 - https:\/\/yoast.com\/product\/yoast-seo-wordpress\/ -->\n<title>Ein Potsdamer investiert in Labore in Westafrika - Das Labor<\/title>\n<meta name=\"robots\" content=\"index, follow, max-snippet:-1, max-image-preview:large, max-video-preview:-1\" \/>\n<link rel=\"canonical\" href=\"https:\/\/www.daslabor.com\/en\/ein-potsdamer-investiert-in-labore-in-westafrika\/\" \/>\n<meta property=\"og:locale\" content=\"en_US\" \/>\n<meta property=\"og:type\" content=\"article\" \/>\n<meta property=\"og:title\" content=\"Ein Potsdamer investiert in Labore in Westafrika - Das Labor\" \/>\n<meta property=\"og:description\" content=\"Gesch\u00e4ftsf\u00fchrer Tom Halgasch im Interview mit der PNN (Potsdamer Neueste Nachrichten). Er berichtet \u00fcber die Investitionen der Das Labor. GmbH und seine Erfahrungen als Gr\u00fcnder in verschiedenen L\u00e4ndern Westafrikas. Link: download PDF &nbsp;\" \/>\n<meta property=\"og:url\" content=\"https:\/\/www.daslabor.com\/en\/ein-potsdamer-investiert-in-labore-in-westafrika\/\" \/>\n<meta property=\"og:site_name\" content=\"Das Labor\" \/>\n<meta property=\"article:published_time\" content=\"2023-11-23T14:06:32+00:00\" \/>\n<meta property=\"article:modified_time\" content=\"2023-12-06T11:57:59+00:00\" \/>\n<meta property=\"og:image\" content=\"https:\/\/www.daslabor.com\/wp-content\/uploads\/2023\/11\/Blog-presse-DE-1.png\" \/>\n\t<meta property=\"og:image:width\" content=\"960\" \/>\n\t<meta property=\"og:image:height\" content=\"675\" \/>\n\t<meta property=\"og:image:type\" content=\"image\/png\" \/>\n<meta name=\"author\" content=\"Das Labor\" \/>\n<meta name=\"twitter:card\" content=\"summary_large_image\" \/>\n<meta name=\"twitter:label1\" content=\"Written by\" \/>\n\t<meta name=\"twitter:data1\" content=\"Das Labor\" \/>\n\t<meta name=\"twitter:label2\" content=\"Est. reading time\" \/>\n\t<meta name=\"twitter:data2\" content=\"1 minute\" \/>\n<script type=\"application\/ld+json\" class=\"yoast-schema-graph\">{\"@context\":\"https:\\\/\\\/schema.org\",\"@graph\":[{\"@type\":\"Article\",\"@id\":\"https:\\\/\\\/www.daslabor.com\\\/en\\\/ein-potsdamer-investiert-in-labore-in-westafrika\\\/#article\",\"isPartOf\":{\"@id\":\"https:\\\/\\\/www.daslabor.com\\\/en\\\/ein-potsdamer-investiert-in-labore-in-westafrika\\\/\"},\"author\":{\"name\":\"Das Labor\",\"@id\":\"https:\\\/\\\/www.daslabor.com\\\/en\\\/#\\\/schema\\\/person\\\/55148bfca61f211cf6804fc852a67d4e\"},\"headline\":\"Ein Potsdamer investiert in Labore in Westafrika\",\"datePublished\":\"2023-11-23T14:06:32+00:00\",\"dateModified\":\"2023-12-06T11:57:59+00:00\",\"mainEntityOfPage\":{\"@id\":\"https:\\\/\\\/www.daslabor.com\\\/en\\\/ein-potsdamer-investiert-in-labore-in-westafrika\\\/\"},\"wordCount\":44,\"image\":{\"@id\":\"https:\\\/\\\/www.daslabor.com\\\/en\\\/ein-potsdamer-investiert-in-labore-in-westafrika\\\/#primaryimage\"},\"thumbnailUrl\":\"https:\\\/\\\/www.daslabor.com\\\/wp-content\\\/uploads\\\/2023\\\/11\\\/Blog-presse-DE-1.png\",\"articleSection\":[\"deutsch\"],\"inLanguage\":\"en-US\"},{\"@type\":\"WebPage\",\"@id\":\"https:\\\/\\\/www.daslabor.com\\\/en\\\/ein-potsdamer-investiert-in-labore-in-westafrika\\\/\",\"url\":\"https:\\\/\\\/www.daslabor.com\\\/en\\\/ein-potsdamer-investiert-in-labore-in-westafrika\\\/\",\"name\":\"Ein Potsdamer investiert in Labore in Westafrika - Das Labor\",\"isPartOf\":{\"@id\":\"https:\\\/\\\/www.daslabor.com\\\/en\\\/#website\"},\"primaryImageOfPage\":{\"@id\":\"https:\\\/\\\/www.daslabor.com\\\/en\\\/ein-potsdamer-investiert-in-labore-in-westafrika\\\/#primaryimage\"},\"image\":{\"@id\":\"https:\\\/\\\/www.daslabor.com\\\/en\\\/ein-potsdamer-investiert-in-labore-in-westafrika\\\/#primaryimage\"},\"thumbnailUrl\":\"https:\\\/\\\/www.daslabor.com\\\/wp-content\\\/uploads\\\/2023\\\/11\\\/Blog-presse-DE-1.png\",\"datePublished\":\"2023-11-23T14:06:32+00:00\",\"dateModified\":\"2023-12-06T11:57:59+00:00\",\"author\":{\"@id\":\"https:\\\/\\\/www.daslabor.com\\\/en\\\/#\\\/schema\\\/person\\\/55148bfca61f211cf6804fc852a67d4e\"},\"breadcrumb\":{\"@id\":\"https:\\\/\\\/www.daslabor.com\\\/en\\\/ein-potsdamer-investiert-in-labore-in-westafrika\\\/#breadcrumb\"},\"inLanguage\":\"en-US\",\"potentialAction\":[{\"@type\":\"ReadAction\",\"target\":[\"https:\\\/\\\/www.daslabor.com\\\/en\\\/ein-potsdamer-investiert-in-labore-in-westafrika\\\/\"]}]},{\"@type\":\"ImageObject\",\"inLanguage\":\"en-US\",\"@id\":\"https:\\\/\\\/www.daslabor.com\\\/en\\\/ein-potsdamer-investiert-in-labore-in-westafrika\\\/#primaryimage\",\"url\":\"https:\\\/\\\/www.daslabor.com\\\/wp-content\\\/uploads\\\/2023\\\/11\\\/Blog-presse-DE-1.png\",\"contentUrl\":\"https:\\\/\\\/www.daslabor.com\\\/wp-content\\\/uploads\\\/2023\\\/11\\\/Blog-presse-DE-1.png\",\"width\":960,\"height\":675},{\"@type\":\"BreadcrumbList\",\"@id\":\"https:\\\/\\\/www.daslabor.com\\\/en\\\/ein-potsdamer-investiert-in-labore-in-westafrika\\\/#breadcrumb\",\"itemListElement\":[{\"@type\":\"ListItem\",\"position\":1,\"name\":\"Startseite\",\"item\":\"https:\\\/\\\/www.daslabor.com\\\/en\\\/\"},{\"@type\":\"ListItem\",\"position\":2,\"name\":\"Ein Potsdamer investiert in Labore in Westafrika\"}]},{\"@type\":\"WebSite\",\"@id\":\"https:\\\/\\\/www.daslabor.com\\\/en\\\/#website\",\"url\":\"https:\\\/\\\/www.daslabor.com\\\/en\\\/\",\"name\":\"Das Labor\",\"description\":\"\",\"potentialAction\":[{\"@type\":\"SearchAction\",\"target\":{\"@type\":\"EntryPoint\",\"urlTemplate\":\"https:\\\/\\\/www.daslabor.com\\\/en\\\/?s={search_term_string}\"},\"query-input\":{\"@type\":\"PropertyValueSpecification\",\"valueRequired\":true,\"valueName\":\"search_term_string\"}}],\"inLanguage\":\"en-US\"},{\"@type\":\"Person\",\"@id\":\"https:\\\/\\\/www.daslabor.com\\\/en\\\/#\\\/schema\\\/person\\\/55148bfca61f211cf6804fc852a67d4e\",\"name\":\"Das Labor\",\"image\":{\"@type\":\"ImageObject\",\"inLanguage\":\"en-US\",\"@id\":\"https:\\\/\\\/secure.gravatar.com\\\/avatar\\\/30503d2988f11c3e63d8c97c66f268b5e3af9810f2ed24cf33b220dca8b0f23e?s=96&d=mm&r=g\",\"url\":\"https:\\\/\\\/secure.gravatar.com\\\/avatar\\\/30503d2988f11c3e63d8c97c66f268b5e3af9810f2ed24cf33b220dca8b0f23e?s=96&d=mm&r=g\",\"contentUrl\":\"https:\\\/\\\/secure.gravatar.com\\\/avatar\\\/30503d2988f11c3e63d8c97c66f268b5e3af9810f2ed24cf33b220dca8b0f23e?s=96&d=mm&r=g\",\"caption\":\"Das Labor\"},\"url\":\"https:\\\/\\\/www.daslabor.com\\\/en\\\/author\\\/ina-voigtlaender\\\/\"}]}<\/script>\n<!-- \/ Yoast SEO plugin. -->","yoast_head_json":{"title":"Ein Potsdamer investiert in Labore in Westafrika - Das Labor","robots":{"index":"index","follow":"follow","max-snippet":"max-snippet:-1","max-image-preview":"max-image-preview:large","max-video-preview":"max-video-preview:-1"},"canonical":"https:\/\/www.daslabor.com\/en\/ein-potsdamer-investiert-in-labore-in-westafrika\/","og_locale":"en_US","og_type":"article","og_title":"Ein Potsdamer investiert in Labore in Westafrika - Das Labor","og_description":"Gesch\u00e4ftsf\u00fchrer Tom Halgasch im Interview mit der PNN (Potsdamer Neueste Nachrichten). Er berichtet \u00fcber die Investitionen der Das Labor. GmbH und seine Erfahrungen als Gr\u00fcnder in verschiedenen L\u00e4ndern Westafrikas. Link: download PDF &nbsp;","og_url":"https:\/\/www.daslabor.com\/en\/ein-potsdamer-investiert-in-labore-in-westafrika\/","og_site_name":"Das Labor","article_published_time":"2023-11-23T14:06:32+00:00","article_modified_time":"2023-12-06T11:57:59+00:00","og_image":[{"width":960,"height":675,"url":"https:\/\/www.daslabor.com\/wp-content\/uploads\/2023\/11\/Blog-presse-DE-1.png","type":"image\/png"}],"author":"Das Labor","twitter_card":"summary_large_image","twitter_misc":{"Written by":"Das Labor","Est. reading time":"1 minute"},"schema":{"@context":"https:\/\/schema.org","@graph":[{"@type":"Article","@id":"https:\/\/www.daslabor.com\/en\/ein-potsdamer-investiert-in-labore-in-westafrika\/#article","isPartOf":{"@id":"https:\/\/www.daslabor.com\/en\/ein-potsdamer-investiert-in-labore-in-westafrika\/"},"author":{"name":"Das Labor","@id":"https:\/\/www.daslabor.com\/en\/#\/schema\/person\/55148bfca61f211cf6804fc852a67d4e"},"headline":"Ein Potsdamer investiert in Labore in Westafrika","datePublished":"2023-11-23T14:06:32+00:00","dateModified":"2023-12-06T11:57:59+00:00","mainEntityOfPage":{"@id":"https:\/\/www.daslabor.com\/en\/ein-potsdamer-investiert-in-labore-in-westafrika\/"},"wordCount":44,"image":{"@id":"https:\/\/www.daslabor.com\/en\/ein-potsdamer-investiert-in-labore-in-westafrika\/#primaryimage"},"thumbnailUrl":"https:\/\/www.daslabor.com\/wp-content\/uploads\/2023\/11\/Blog-presse-DE-1.png","articleSection":["deutsch"],"inLanguage":"en-US"},{"@type":"WebPage","@id":"https:\/\/www.daslabor.com\/en\/ein-potsdamer-investiert-in-labore-in-westafrika\/","url":"https:\/\/www.daslabor.com\/en\/ein-potsdamer-investiert-in-labore-in-westafrika\/","name":"Ein Potsdamer investiert in Labore in Westafrika - Das Labor","isPartOf":{"@id":"https:\/\/www.daslabor.com\/en\/#website"},"primaryImageOfPage":{"@id":"https:\/\/www.daslabor.com\/en\/ein-potsdamer-investiert-in-labore-in-westafrika\/#primaryimage"},"image":{"@id":"https:\/\/www.daslabor.com\/en\/ein-potsdamer-investiert-in-labore-in-westafrika\/#primaryimage"},"thumbnailUrl":"https:\/\/www.daslabor.com\/wp-content\/uploads\/2023\/11\/Blog-presse-DE-1.png","datePublished":"2023-11-23T14:06:32+00:00","dateModified":"2023-12-06T11:57:59+00:00","author":{"@id":"https:\/\/www.daslabor.com\/en\/#\/schema\/person\/55148bfca61f211cf6804fc852a67d4e"},"breadcrumb":{"@id":"https:\/\/www.daslabor.com\/en\/ein-potsdamer-investiert-in-labore-in-westafrika\/#breadcrumb"},"inLanguage":"en-US","potentialAction":[{"@type":"ReadAction","target":["https:\/\/www.daslabor.com\/en\/ein-potsdamer-investiert-in-labore-in-westafrika\/"]}]},{"@type":"ImageObject","inLanguage":"en-US","@id":"https:\/\/www.daslabor.com\/en\/ein-potsdamer-investiert-in-labore-in-westafrika\/#primaryimage","url":"https:\/\/www.daslabor.com\/wp-content\/uploads\/2023\/11\/Blog-presse-DE-1.png","contentUrl":"https:\/\/www.daslabor.com\/wp-content\/uploads\/2023\/11\/Blog-presse-DE-1.png","width":960,"height":675},{"@type":"BreadcrumbList","@id":"https:\/\/www.daslabor.com\/en\/ein-potsdamer-investiert-in-labore-in-westafrika\/#breadcrumb","itemListElement":[{"@type":"ListItem","position":1,"name":"Startseite","item":"https:\/\/www.daslabor.com\/en\/"},{"@type":"ListItem","position":2,"name":"Ein Potsdamer investiert in Labore in Westafrika"}]},{"@type":"WebSite","@id":"https:\/\/www.daslabor.com\/en\/#website","url":"https:\/\/www.daslabor.com\/en\/","name":"Das Labor","description":"","potentialAction":[{"@type":"SearchAction","target":{"@type":"EntryPoint","urlTemplate":"https:\/\/www.daslabor.com\/en\/?s={search_term_string}"},"query-input":{"@type":"PropertyValueSpecification","valueRequired":true,"valueName":"search_term_string"}}],"inLanguage":"en-US"},{"@type":"Person","@id":"https:\/\/www.daslabor.com\/en\/#\/schema\/person\/55148bfca61f211cf6804fc852a67d4e","name":"Das Labor","image":{"@type":"ImageObject","inLanguage":"en-US","@id":"https:\/\/secure.gravatar.com\/avatar\/30503d2988f11c3e63d8c97c66f268b5e3af9810f2ed24cf33b220dca8b0f23e?s=96&d=mm&r=g","url":"https:\/\/secure.gravatar.com\/avatar\/30503d2988f11c3e63d8c97c66f268b5e3af9810f2ed24cf33b220dca8b0f23e?s=96&d=mm&r=g","contentUrl":"https:\/\/secure.gravatar.com\/avatar\/30503d2988f11c3e63d8c97c66f268b5e3af9810f2ed24cf33b220dca8b0f23e?s=96&d=mm&r=g","caption":"Das Labor"},"url":"https:\/\/www.daslabor.com\/en\/author\/ina-voigtlaender\/"}]}},"_links":{"self":[{"href":"https:\/\/www.daslabor.com\/en\/wp-json\/wp\/v2\/posts\/11628","targetHints":{"allow":["GET"]}}],"collection":[{"href":"https:\/\/www.daslabor.com\/en\/wp-json\/wp\/v2\/posts"}],"about":[{"href":"https:\/\/www.daslabor.com\/en\/wp-json\/wp\/v2\/types\/post"}],"author":[{"embeddable":true,"href":"https:\/\/www.daslabor.com\/en\/wp-json\/wp\/v2\/users\/2"}],"replies":[{"embeddable":true,"href":"https:\/\/www.daslabor.com\/en\/wp-json\/wp\/v2\/comments?post=11628"}],"version-history":[{"count":4,"href":"https:\/\/www.daslabor.com\/en\/wp-json\/wp\/v2\/posts\/11628\/revisions"}],"predecessor-version":[{"id":11634,"href":"https:\/\/www.daslabor.com\/en\/wp-json\/wp\/v2\/posts\/11628\/revisions\/11634"}],"wp:featuredmedia":[{"embeddable":true,"href":"https:\/\/www.daslabor.com\/en\/wp-json\/wp\/v2\/media\/11636"}],"wp:attachment":[{"href":"https:\/\/www.daslabor.com\/en\/wp-json\/wp\/v2\/media?parent=11628"}],"wp:term":[{"taxonomy":"category","embeddable":true,"href":"https:\/\/www.daslabor.com\/en\/wp-json\/wp\/v2\/categories?post=11628"},{"taxonomy":"post_tag","embeddable":true,"href":"https:\/\/www.daslabor.com\/en\/wp-json\/wp\/v2\/tags?post=11628"}],"curies":[{"name":"wp","href":"https:\/\/api.w.org\/{rel}","templated":true}]}}