{"id":1624,"date":"2020-11-19T11:49:14","date_gmt":"2020-11-19T10:49:14","guid":{"rendered":"https:\/\/www.daslabor.com\/das-labor-gmbh-startet-erste-produktion-von-sars-cov-2-antigenschnelltesten-in-cote-divoire\/"},"modified":"2020-11-19T11:49:14","modified_gmt":"2020-11-19T10:49:14","slug":"das-labor-gmbh-startet-erste-produktion-von-sars-cov-2-antigenschnelltesten-in-cote-divoire","status":"publish","type":"post","link":"https:\/\/www.daslabor.com\/en\/das-labor-gmbh-startet-erste-produktion-von-sars-cov-2-antigenschnelltesten-in-cote-divoire\/","title":{"rendered":"Das Labor. GmbH startet erste Produktion von SARS-CoV-2 Antigenschnelltesten in C\u00f4te d\u2018Ivoire"},"content":{"rendered":"<p>Die Biodiagnostic \u2013 Das Labor. SAS in Abidjan, eine Tochtergesellschaft der deutschen Das Labor. GmbH aus Potsdam, startet ihre Schnelltestproduktion in C\u00f4te d\u2019Ivoire.<\/p>\n<p>Die neue Produktionsst\u00e4tte wird zurzeit in der VITIB Freihandelszone vor den Toren Abidjans errichtet und ist die erste Einrichtung in Subsahara-Afrika, die SARS-CoV-2-Antigen-Schnelltests f\u00fcr den Einsatz auf dem afrikanischen Kontinent produziert.<\/p>\n<p>In den kommenden Monaten sollen in der Anlage zun\u00e4chst SARS-CoV-2 Antigen- und IgG Antik\u00f6rperschnellteste hergestellt werden. Die Tests sind f\u00fcr die Anwendung durch qualifiziertes Personal bestimmt und erm\u00f6glichen zuverl\u00e4ssige Testergebnisse innerhalb von 10 Minuten.<\/p>\n<p>Auf die Herstellung von IgM-Antik\u00f6rpertests wurde bewusst verzichtet. Um das Vorhandensein von SARS-CoV-2 spezifischen Antik\u00f6rpern nachzuweisen, sollten korrekterweise hochspezifische IgG-Teste verwendet werden. Zum Nachweis einer akuten Infektion mit SARS-CoV-2 dienen die neuen Antigenteste.<\/p>\n<p>Die Herstellung und der internationale Vertrieb der SARS-CoV-2 Schnellteste werden noch vor Ende des Jahres 2020 beginnen. Sp\u00e4ter sollen weitere Produkte folgen. Unter anderem kann, bei Bedarf, ein Ebola-Schnelltest in das Portfolio aufgenommen werden.<\/p>\n<p>\u201eDie Produktionsanlage wurde in Deutschland vorinstalliert, unser Personal wird intensiv geschult und ein Qualit\u00e4tsmanagementsystem aufgebaut, das sich l\u00fcckenlos in das ISO-zertifizierte Qualit\u00e4tsmanagement unserer deutschen Partnerfirma <em>Senova Gesellschaft f\u00fcr Biowissenschaft und Technik mbH<\/em> eingliedert. Dieses Vorgehen stellt eine qualit\u00e4tskontrollierte Produktion nach deutschen Standards in C\u00f4te d&#8217;Ivoire sicher. Die so hergestellten Schnelltests erf\u00fcllen die h\u00f6chsten Qualit\u00e4tsstandards und garantieren sichere, schnelle und kosteng\u00fcnstige Testergebnisse.\u201c Tom Halgasch, CEO Das Labor. GmbH<\/p>\n<p>Das deutsche Bundesministerium f\u00fcr wirtschaftliche Zusammenarbeit und Entwicklung (BMZ) unterst\u00fctzt die Partnerschaft von &#8216;Das Labor. GmbH&#8217; mit der GIZ \u00fcber ihr Programm develoPPP.de.<\/p>\n<p>Im Rahmen dieser &#8216;develoPPP.de&#8217;-Initiative werden mindestens 50 Prozent der produzierten Tests dem \u00f6ffentlichen Gesundheitssektor in C\u00f4te d&#8217;Ivoire und weiteren afrikanischen L\u00e4ndern zum Selbstkostenpreis angeboten.<\/p>\n<p>\u201eIn den meisten afrikanischen Staaten fehlt es grunds\u00e4tzlich an ausreichend diagnostischen Kapazit\u00e4ten, um SARS-CoV-2, zum Beispiel per PCR nachzuweisen. Dar\u00fcber hinaus ist die Durchf\u00fchrung solcher Tests sehr zeit-, material-, personal- und kostenaufwendig. Vor allem der l\u00e4ndliche Raum ist von dieser hochentwickelten Form der Labordiagnostik deshalb meist abgeschnitten. Eine L\u00f6sung dieses Problems k\u00f6nnen qualitativ hochwertige und bezahlbare Schnellteste sein. Eine lokale Produktion in Afrika kann zum einen die Versorgung mit kosteng\u00fcnstigen Tests verbessern und zum anderen eine Vielzahl qualifizierter Arbeitspl\u00e4tze schaffen.\u201c Silvia Rath, CTO Das Labor. GmbH<\/p>\n<p>Die Das Labor. GmbH ist ein deutsches Unternehmen mit Sitz in Potsdam. Die Gesellschaft investiert in den Aufbau und Betrieb von qualitativ hochwertigen medizinischen Laboren und die Produktion von Schnelltests. In C\u00f4te d\u2019Ivoire betreibt ihr Tochterunternehmen Biodiagnostic &#8211; Das Labor. SAS ein hochmodern ausgestattetes medizinisches Labor in Abidjan und eine qualit\u00e4tsgesicherte Schnelltestproduktion in der VITIB-Freihandelszone in Grand Bassam.<\/p>\n<p>Die Senova Gesellschaft f\u00fcr Biowissenschaft und Technik mbH ist als Hersteller f\u00fcr In Vitro Diagnostika sowohl nach ISO 13485 als auch ISO 9001 zertifiziert. Zum Kerngesch\u00e4ft geh\u00f6ren die Produktion von Schnelltestsystemen und die Etablierung neuer Schnelltests zur Markierung von Biomarkern, Viren und Mikroorganismen in Human-, Veterin\u00e4r- und Umweltproben.<\/p>\n","protected":false},"excerpt":{"rendered":"<p>Die Biodiagnostic \u2013 Das Labor. SAS in Abidjan, eine Tochtergesellschaft der deutschen Das Labor. GmbH aus Potsdam, startet ihre Schnelltestproduktion in C\u00f4te d\u2019Ivoire. Die neue Produktionsst\u00e4tte wird zurzeit in der VITIB Freihandelszone vor den Toren Abidjans errichtet und ist die erste Einrichtung in Subsahara-Afrika, die SARS-CoV-2-Antigen-Schnelltests f\u00fcr den Einsatz auf dem afrikanischen Kontinent produziert. In [&hellip;]<\/p>\n","protected":false},"author":1,"featured_media":1615,"comment_status":"closed","ping_status":"closed","sticky":false,"template":"","format":"standard","meta":{"_acf_changed":false,"_et_pb_use_builder":"","_et_pb_old_content":"","_et_gb_content_width":"","footnotes":""},"categories":[14],"tags":[],"class_list":["post-1624","post","type-post","status-publish","format-standard","has-post-thumbnail","hentry","category-uncategorized"],"acf":[],"yoast_head":"<!-- This site is optimized with the Yoast SEO plugin v27.4 - https:\/\/yoast.com\/product\/yoast-seo-wordpress\/ -->\n<title>Das Labor. GmbH startet erste Produktion von SARS-CoV-2 Antigenschnelltesten in C\u00f4te d\u2018Ivoire - Das Labor<\/title>\n<meta name=\"robots\" content=\"index, follow, max-snippet:-1, max-image-preview:large, max-video-preview:-1\" \/>\n<link rel=\"canonical\" href=\"https:\/\/www.daslabor.com\/en\/das-labor-gmbh-startet-erste-produktion-von-sars-cov-2-antigenschnelltesten-in-cote-divoire\/\" \/>\n<meta property=\"og:locale\" content=\"en_US\" \/>\n<meta property=\"og:type\" content=\"article\" \/>\n<meta property=\"og:title\" content=\"Das Labor. GmbH startet erste Produktion von SARS-CoV-2 Antigenschnelltesten in C\u00f4te d\u2018Ivoire - Das Labor\" \/>\n<meta property=\"og:description\" content=\"Die Biodiagnostic \u2013 Das Labor. SAS in Abidjan, eine Tochtergesellschaft der deutschen Das Labor. GmbH aus Potsdam, startet ihre Schnelltestproduktion in C\u00f4te d\u2019Ivoire. Die neue Produktionsst\u00e4tte wird zurzeit in der VITIB Freihandelszone vor den Toren Abidjans errichtet und ist die erste Einrichtung in Subsahara-Afrika, die SARS-CoV-2-Antigen-Schnelltests f\u00fcr den Einsatz auf dem afrikanischen Kontinent produziert. In [&hellip;]\" \/>\n<meta property=\"og:url\" content=\"https:\/\/www.daslabor.com\/en\/das-labor-gmbh-startet-erste-produktion-von-sars-cov-2-antigenschnelltesten-in-cote-divoire\/\" \/>\n<meta property=\"og:site_name\" content=\"Das Labor\" \/>\n<meta property=\"article:published_time\" content=\"2020-11-19T10:49:14+00:00\" \/>\n<meta property=\"og:image\" content=\"https:\/\/www.daslabor.com\/wp-content\/uploads\/2020\/11\/box-foto-web.jpg\" \/>\n\t<meta property=\"og:image:width\" content=\"1000\" \/>\n\t<meta property=\"og:image:height\" content=\"661\" \/>\n\t<meta property=\"og:image:type\" content=\"image\/jpeg\" \/>\n<meta name=\"author\" content=\"Das Labor\" \/>\n<meta name=\"twitter:card\" content=\"summary_large_image\" \/>\n<meta name=\"twitter:label1\" content=\"Written by\" \/>\n\t<meta name=\"twitter:data1\" content=\"Das Labor\" \/>\n\t<meta name=\"twitter:label2\" content=\"Est. reading time\" \/>\n\t<meta name=\"twitter:data2\" content=\"3 minutes\" \/>\n<script type=\"application\/ld+json\" class=\"yoast-schema-graph\">{\"@context\":\"https:\\\/\\\/schema.org\",\"@graph\":[{\"@type\":\"Article\",\"@id\":\"https:\\\/\\\/www.daslabor.com\\\/en\\\/das-labor-gmbh-startet-erste-produktion-von-sars-cov-2-antigenschnelltesten-in-cote-divoire\\\/#article\",\"isPartOf\":{\"@id\":\"https:\\\/\\\/www.daslabor.com\\\/en\\\/das-labor-gmbh-startet-erste-produktion-von-sars-cov-2-antigenschnelltesten-in-cote-divoire\\\/\"},\"author\":{\"name\":\"Das Labor\",\"@id\":\"https:\\\/\\\/www.daslabor.com\\\/en\\\/#\\\/schema\\\/person\\\/66884fc73e8e63dc351e575b026466c1\"},\"headline\":\"Das Labor. GmbH startet erste Produktion von SARS-CoV-2 Antigenschnelltesten in C\u00f4te d\u2018Ivoire\",\"datePublished\":\"2020-11-19T10:49:14+00:00\",\"mainEntityOfPage\":{\"@id\":\"https:\\\/\\\/www.daslabor.com\\\/en\\\/das-labor-gmbh-startet-erste-produktion-von-sars-cov-2-antigenschnelltesten-in-cote-divoire\\\/\"},\"wordCount\":518,\"image\":{\"@id\":\"https:\\\/\\\/www.daslabor.com\\\/en\\\/das-labor-gmbh-startet-erste-produktion-von-sars-cov-2-antigenschnelltesten-in-cote-divoire\\\/#primaryimage\"},\"thumbnailUrl\":\"https:\\\/\\\/www.daslabor.com\\\/wp-content\\\/uploads\\\/2020\\\/11\\\/box-foto-web.jpg\",\"inLanguage\":\"en-US\"},{\"@type\":\"WebPage\",\"@id\":\"https:\\\/\\\/www.daslabor.com\\\/en\\\/das-labor-gmbh-startet-erste-produktion-von-sars-cov-2-antigenschnelltesten-in-cote-divoire\\\/\",\"url\":\"https:\\\/\\\/www.daslabor.com\\\/en\\\/das-labor-gmbh-startet-erste-produktion-von-sars-cov-2-antigenschnelltesten-in-cote-divoire\\\/\",\"name\":\"Das Labor. GmbH startet erste Produktion von SARS-CoV-2 Antigenschnelltesten in C\u00f4te d\u2018Ivoire - Das Labor\",\"isPartOf\":{\"@id\":\"https:\\\/\\\/www.daslabor.com\\\/en\\\/#website\"},\"primaryImageOfPage\":{\"@id\":\"https:\\\/\\\/www.daslabor.com\\\/en\\\/das-labor-gmbh-startet-erste-produktion-von-sars-cov-2-antigenschnelltesten-in-cote-divoire\\\/#primaryimage\"},\"image\":{\"@id\":\"https:\\\/\\\/www.daslabor.com\\\/en\\\/das-labor-gmbh-startet-erste-produktion-von-sars-cov-2-antigenschnelltesten-in-cote-divoire\\\/#primaryimage\"},\"thumbnailUrl\":\"https:\\\/\\\/www.daslabor.com\\\/wp-content\\\/uploads\\\/2020\\\/11\\\/box-foto-web.jpg\",\"datePublished\":\"2020-11-19T10:49:14+00:00\",\"author\":{\"@id\":\"https:\\\/\\\/www.daslabor.com\\\/en\\\/#\\\/schema\\\/person\\\/66884fc73e8e63dc351e575b026466c1\"},\"breadcrumb\":{\"@id\":\"https:\\\/\\\/www.daslabor.com\\\/en\\\/das-labor-gmbh-startet-erste-produktion-von-sars-cov-2-antigenschnelltesten-in-cote-divoire\\\/#breadcrumb\"},\"inLanguage\":\"en-US\",\"potentialAction\":[{\"@type\":\"ReadAction\",\"target\":[\"https:\\\/\\\/www.daslabor.com\\\/en\\\/das-labor-gmbh-startet-erste-produktion-von-sars-cov-2-antigenschnelltesten-in-cote-divoire\\\/\"]}]},{\"@type\":\"ImageObject\",\"inLanguage\":\"en-US\",\"@id\":\"https:\\\/\\\/www.daslabor.com\\\/en\\\/das-labor-gmbh-startet-erste-produktion-von-sars-cov-2-antigenschnelltesten-in-cote-divoire\\\/#primaryimage\",\"url\":\"https:\\\/\\\/www.daslabor.com\\\/wp-content\\\/uploads\\\/2020\\\/11\\\/box-foto-web.jpg\",\"contentUrl\":\"https:\\\/\\\/www.daslabor.com\\\/wp-content\\\/uploads\\\/2020\\\/11\\\/box-foto-web.jpg\",\"width\":1000,\"height\":661},{\"@type\":\"BreadcrumbList\",\"@id\":\"https:\\\/\\\/www.daslabor.com\\\/en\\\/das-labor-gmbh-startet-erste-produktion-von-sars-cov-2-antigenschnelltesten-in-cote-divoire\\\/#breadcrumb\",\"itemListElement\":[{\"@type\":\"ListItem\",\"position\":1,\"name\":\"Startseite\",\"item\":\"https:\\\/\\\/www.daslabor.com\\\/en\\\/\"},{\"@type\":\"ListItem\",\"position\":2,\"name\":\"Das Labor. GmbH startet erste Produktion von SARS-CoV-2 Antigenschnelltesten in C\u00f4te d\u2018Ivoire\"}]},{\"@type\":\"WebSite\",\"@id\":\"https:\\\/\\\/www.daslabor.com\\\/en\\\/#website\",\"url\":\"https:\\\/\\\/www.daslabor.com\\\/en\\\/\",\"name\":\"Das Labor\",\"description\":\"\",\"potentialAction\":[{\"@type\":\"SearchAction\",\"target\":{\"@type\":\"EntryPoint\",\"urlTemplate\":\"https:\\\/\\\/www.daslabor.com\\\/en\\\/?s={search_term_string}\"},\"query-input\":{\"@type\":\"PropertyValueSpecification\",\"valueRequired\":true,\"valueName\":\"search_term_string\"}}],\"inLanguage\":\"en-US\"},{\"@type\":\"Person\",\"@id\":\"https:\\\/\\\/www.daslabor.com\\\/en\\\/#\\\/schema\\\/person\\\/66884fc73e8e63dc351e575b026466c1\",\"name\":\"Das Labor\",\"image\":{\"@type\":\"ImageObject\",\"inLanguage\":\"en-US\",\"@id\":\"https:\\\/\\\/secure.gravatar.com\\\/avatar\\\/413fe1a8ceb7564ceac009e89c2df23f5e118b2f3e040a1d1917e8d4747b8363?s=96&d=mm&r=g\",\"url\":\"https:\\\/\\\/secure.gravatar.com\\\/avatar\\\/413fe1a8ceb7564ceac009e89c2df23f5e118b2f3e040a1d1917e8d4747b8363?s=96&d=mm&r=g\",\"contentUrl\":\"https:\\\/\\\/secure.gravatar.com\\\/avatar\\\/413fe1a8ceb7564ceac009e89c2df23f5e118b2f3e040a1d1917e8d4747b8363?s=96&d=mm&r=g\",\"caption\":\"Das Labor\"},\"sameAs\":[\"http:\\\/\\\/daslabor.artivista.de\"],\"url\":\"https:\\\/\\\/www.daslabor.com\\\/en\\\/author\\\/das_ad_dl\\\/\"}]}<\/script>\n<!-- \/ Yoast SEO plugin. -->","yoast_head_json":{"title":"Das Labor. GmbH startet erste Produktion von SARS-CoV-2 Antigenschnelltesten in C\u00f4te d\u2018Ivoire - Das Labor","robots":{"index":"index","follow":"follow","max-snippet":"max-snippet:-1","max-image-preview":"max-image-preview:large","max-video-preview":"max-video-preview:-1"},"canonical":"https:\/\/www.daslabor.com\/en\/das-labor-gmbh-startet-erste-produktion-von-sars-cov-2-antigenschnelltesten-in-cote-divoire\/","og_locale":"en_US","og_type":"article","og_title":"Das Labor. GmbH startet erste Produktion von SARS-CoV-2 Antigenschnelltesten in C\u00f4te d\u2018Ivoire - Das Labor","og_description":"Die Biodiagnostic \u2013 Das Labor. SAS in Abidjan, eine Tochtergesellschaft der deutschen Das Labor. GmbH aus Potsdam, startet ihre Schnelltestproduktion in C\u00f4te d\u2019Ivoire. Die neue Produktionsst\u00e4tte wird zurzeit in der VITIB Freihandelszone vor den Toren Abidjans errichtet und ist die erste Einrichtung in Subsahara-Afrika, die SARS-CoV-2-Antigen-Schnelltests f\u00fcr den Einsatz auf dem afrikanischen Kontinent produziert. In [&hellip;]","og_url":"https:\/\/www.daslabor.com\/en\/das-labor-gmbh-startet-erste-produktion-von-sars-cov-2-antigenschnelltesten-in-cote-divoire\/","og_site_name":"Das Labor","article_published_time":"2020-11-19T10:49:14+00:00","og_image":[{"width":1000,"height":661,"url":"https:\/\/www.daslabor.com\/wp-content\/uploads\/2020\/11\/box-foto-web.jpg","type":"image\/jpeg"}],"author":"Das Labor","twitter_card":"summary_large_image","twitter_misc":{"Written by":"Das Labor","Est. reading time":"3 minutes"},"schema":{"@context":"https:\/\/schema.org","@graph":[{"@type":"Article","@id":"https:\/\/www.daslabor.com\/en\/das-labor-gmbh-startet-erste-produktion-von-sars-cov-2-antigenschnelltesten-in-cote-divoire\/#article","isPartOf":{"@id":"https:\/\/www.daslabor.com\/en\/das-labor-gmbh-startet-erste-produktion-von-sars-cov-2-antigenschnelltesten-in-cote-divoire\/"},"author":{"name":"Das Labor","@id":"https:\/\/www.daslabor.com\/en\/#\/schema\/person\/66884fc73e8e63dc351e575b026466c1"},"headline":"Das Labor. GmbH startet erste Produktion von SARS-CoV-2 Antigenschnelltesten in C\u00f4te d\u2018Ivoire","datePublished":"2020-11-19T10:49:14+00:00","mainEntityOfPage":{"@id":"https:\/\/www.daslabor.com\/en\/das-labor-gmbh-startet-erste-produktion-von-sars-cov-2-antigenschnelltesten-in-cote-divoire\/"},"wordCount":518,"image":{"@id":"https:\/\/www.daslabor.com\/en\/das-labor-gmbh-startet-erste-produktion-von-sars-cov-2-antigenschnelltesten-in-cote-divoire\/#primaryimage"},"thumbnailUrl":"https:\/\/www.daslabor.com\/wp-content\/uploads\/2020\/11\/box-foto-web.jpg","inLanguage":"en-US"},{"@type":"WebPage","@id":"https:\/\/www.daslabor.com\/en\/das-labor-gmbh-startet-erste-produktion-von-sars-cov-2-antigenschnelltesten-in-cote-divoire\/","url":"https:\/\/www.daslabor.com\/en\/das-labor-gmbh-startet-erste-produktion-von-sars-cov-2-antigenschnelltesten-in-cote-divoire\/","name":"Das Labor. GmbH startet erste Produktion von SARS-CoV-2 Antigenschnelltesten in C\u00f4te d\u2018Ivoire - Das Labor","isPartOf":{"@id":"https:\/\/www.daslabor.com\/en\/#website"},"primaryImageOfPage":{"@id":"https:\/\/www.daslabor.com\/en\/das-labor-gmbh-startet-erste-produktion-von-sars-cov-2-antigenschnelltesten-in-cote-divoire\/#primaryimage"},"image":{"@id":"https:\/\/www.daslabor.com\/en\/das-labor-gmbh-startet-erste-produktion-von-sars-cov-2-antigenschnelltesten-in-cote-divoire\/#primaryimage"},"thumbnailUrl":"https:\/\/www.daslabor.com\/wp-content\/uploads\/2020\/11\/box-foto-web.jpg","datePublished":"2020-11-19T10:49:14+00:00","author":{"@id":"https:\/\/www.daslabor.com\/en\/#\/schema\/person\/66884fc73e8e63dc351e575b026466c1"},"breadcrumb":{"@id":"https:\/\/www.daslabor.com\/en\/das-labor-gmbh-startet-erste-produktion-von-sars-cov-2-antigenschnelltesten-in-cote-divoire\/#breadcrumb"},"inLanguage":"en-US","potentialAction":[{"@type":"ReadAction","target":["https:\/\/www.daslabor.com\/en\/das-labor-gmbh-startet-erste-produktion-von-sars-cov-2-antigenschnelltesten-in-cote-divoire\/"]}]},{"@type":"ImageObject","inLanguage":"en-US","@id":"https:\/\/www.daslabor.com\/en\/das-labor-gmbh-startet-erste-produktion-von-sars-cov-2-antigenschnelltesten-in-cote-divoire\/#primaryimage","url":"https:\/\/www.daslabor.com\/wp-content\/uploads\/2020\/11\/box-foto-web.jpg","contentUrl":"https:\/\/www.daslabor.com\/wp-content\/uploads\/2020\/11\/box-foto-web.jpg","width":1000,"height":661},{"@type":"BreadcrumbList","@id":"https:\/\/www.daslabor.com\/en\/das-labor-gmbh-startet-erste-produktion-von-sars-cov-2-antigenschnelltesten-in-cote-divoire\/#breadcrumb","itemListElement":[{"@type":"ListItem","position":1,"name":"Startseite","item":"https:\/\/www.daslabor.com\/en\/"},{"@type":"ListItem","position":2,"name":"Das Labor. GmbH startet erste Produktion von SARS-CoV-2 Antigenschnelltesten in C\u00f4te d\u2018Ivoire"}]},{"@type":"WebSite","@id":"https:\/\/www.daslabor.com\/en\/#website","url":"https:\/\/www.daslabor.com\/en\/","name":"Das Labor","description":"","potentialAction":[{"@type":"SearchAction","target":{"@type":"EntryPoint","urlTemplate":"https:\/\/www.daslabor.com\/en\/?s={search_term_string}"},"query-input":{"@type":"PropertyValueSpecification","valueRequired":true,"valueName":"search_term_string"}}],"inLanguage":"en-US"},{"@type":"Person","@id":"https:\/\/www.daslabor.com\/en\/#\/schema\/person\/66884fc73e8e63dc351e575b026466c1","name":"Das Labor","image":{"@type":"ImageObject","inLanguage":"en-US","@id":"https:\/\/secure.gravatar.com\/avatar\/413fe1a8ceb7564ceac009e89c2df23f5e118b2f3e040a1d1917e8d4747b8363?s=96&d=mm&r=g","url":"https:\/\/secure.gravatar.com\/avatar\/413fe1a8ceb7564ceac009e89c2df23f5e118b2f3e040a1d1917e8d4747b8363?s=96&d=mm&r=g","contentUrl":"https:\/\/secure.gravatar.com\/avatar\/413fe1a8ceb7564ceac009e89c2df23f5e118b2f3e040a1d1917e8d4747b8363?s=96&d=mm&r=g","caption":"Das Labor"},"sameAs":["http:\/\/daslabor.artivista.de"],"url":"https:\/\/www.daslabor.com\/en\/author\/das_ad_dl\/"}]}},"_links":{"self":[{"href":"https:\/\/www.daslabor.com\/en\/wp-json\/wp\/v2\/posts\/1624","targetHints":{"allow":["GET"]}}],"collection":[{"href":"https:\/\/www.daslabor.com\/en\/wp-json\/wp\/v2\/posts"}],"about":[{"href":"https:\/\/www.daslabor.com\/en\/wp-json\/wp\/v2\/types\/post"}],"author":[{"embeddable":true,"href":"https:\/\/www.daslabor.com\/en\/wp-json\/wp\/v2\/users\/1"}],"replies":[{"embeddable":true,"href":"https:\/\/www.daslabor.com\/en\/wp-json\/wp\/v2\/comments?post=1624"}],"version-history":[{"count":0,"href":"https:\/\/www.daslabor.com\/en\/wp-json\/wp\/v2\/posts\/1624\/revisions"}],"wp:featuredmedia":[{"embeddable":true,"href":"https:\/\/www.daslabor.com\/en\/wp-json\/wp\/v2\/media\/1615"}],"wp:attachment":[{"href":"https:\/\/www.daslabor.com\/en\/wp-json\/wp\/v2\/media?parent=1624"}],"wp:term":[{"taxonomy":"category","embeddable":true,"href":"https:\/\/www.daslabor.com\/en\/wp-json\/wp\/v2\/categories?post=1624"},{"taxonomy":"post_tag","embeddable":true,"href":"https:\/\/www.daslabor.com\/en\/wp-json\/wp\/v2\/tags?post=1624"}],"curies":[{"name":"wp","href":"https:\/\/api.w.org\/{rel}","templated":true}]}}